{"id":418,"date":"2016-06-30T01:03:54","date_gmt":"2016-06-30T01:03:54","guid":{"rendered":"http:\/\/feuerwehr-ehrenbreitstein.de\/?p=418"},"modified":"2016-06-30T04:12:04","modified_gmt":"2016-06-30T04:12:04","slug":"einsatz-1916","status":"publish","type":"post","link":"http:\/\/feuerwehr-ehrenbreitstein.de\/?p=418","title":{"rendered":"Einsatz 19\/16"},"content":{"rendered":"<p>Datum: 29.06.2016 Einsatz-Nr. 19<br \/>\nEinsatzmeldung: Wohnwagenbrand<br \/>\nAlamierung: 20:26 Uhr<br \/>\nEinsatzort: Hanns-Maria-Lux-Str. (Asterstein)<br \/>\nAlarmierte Kr\u00e4fte: LZ BF, Einheiten Ehrenbreitstein, Arzheim<\/p>\n<p>&nbsp;<\/p>\n\n<p>&nbsp;<\/p>\n<p>Am Abend des 29.06. wurden wir mit der Einheit Arzheim, parallel zum L\u00f6schzug der Berufsfeuerwehr alarmiert.<\/p>\n<p>Gemeldet wurde der Brand eines Wohnwagens. W\u00e4hrend der Angriffstrupp der BF sich um die Brandbek\u00e4mpfung k\u00fcmmere, stellten wir einen Reservetrupp der mit Atemschutzger\u00e4ten ausgestattet war.<\/p>\n<p>Warum das Feuer ausbrach, ist unklar.<\/p>\n","protected":false},"excerpt":{"rendered":"<p>Datum: 29.06.2016 Einsatz-Nr. 19 Einsatzmeldung: Wohnwagenbrand Alamierung: 20:26 Uhr Einsatzort: Hanns-Maria-Lux-Str. (Asterstein) Alarmierte Kr\u00e4fte: LZ BF, Einheiten Ehrenbreitstein, Arzheim &nbsp; &nbsp; Am Abend des 29.06. wurden wir mit der Einheit Arzheim, parallel zum L\u00f6schzug der Berufsfeuerwehr alarmiert. Gemeldet wurde der Brand eines Wohnwagens. W\u00e4hrend der Angriffstrupp der BF sich um die Brandbek\u00e4mpfung k\u00fcmmere, stellten wir [&hellip;]<\/p>\n","protected":false},"author":1,"featured_media":0,"comment_status":"closed","ping_status":"closed","sticky":false,"template":"","format":"standard","meta":{"spay_email":"","jetpack_publicize_message":"","jetpack_is_tweetstorm":false},"categories":[1],"tags":[],"jetpack_featured_media_url":"","jetpack_publicize_connections":[],"jetpack_sharing_enabled":true,"jetpack_shortlink":"https:\/\/wp.me\/p5j8kt-6K","jetpack_likes_enabled":true,"_links":{"self":[{"href":"http:\/\/feuerwehr-ehrenbreitstein.de\/index.php?rest_route=\/wp\/v2\/posts\/418"}],"collection":[{"href":"http:\/\/feuerwehr-ehrenbreitstein.de\/index.php?rest_route=\/wp\/v2\/posts"}],"about":[{"href":"http:\/\/feuerwehr-ehrenbreitstein.de\/index.php?rest_route=\/wp\/v2\/types\/post"}],"author":[{"embeddable":true,"href":"http:\/\/feuerwehr-ehrenbreitstein.de\/index.php?rest_route=\/wp\/v2\/users\/1"}],"replies":[{"embeddable":true,"href":"http:\/\/feuerwehr-ehrenbreitstein.de\/index.php?rest_route=%2Fwp%2Fv2%2Fcomments&post=418"}],"version-history":[{"count":2,"href":"http:\/\/feuerwehr-ehrenbreitstein.de\/index.php?rest_route=\/wp\/v2\/posts\/418\/revisions"}],"predecessor-version":[{"id":421,"href":"http:\/\/feuerwehr-ehrenbreitstein.de\/index.php?rest_route=\/wp\/v2\/posts\/418\/revisions\/421"}],"wp:attachment":[{"href":"http:\/\/feuerwehr-ehrenbreitstein.de\/index.php?rest_route=%2Fwp%2Fv2%2Fmedia&parent=418"}],"wp:term":[{"taxonomy":"category","embeddable":true,"href":"http:\/\/feuerwehr-ehrenbreitstein.de\/index.php?rest_route=%2Fwp%2Fv2%2Fcategories&post=418"},{"taxonomy":"post_tag","embeddable":true,"href":"http:\/\/feuerwehr-ehrenbreitstein.de\/index.php?rest_route=%2Fwp%2Fv2%2Ftags&post=418"}],"curies":[{"name":"wp","href":"https:\/\/api.w.org\/{rel}","templated":true}]}}