{"id":283,"date":"2015-11-16T07:26:52","date_gmt":"2015-11-16T07:26:52","guid":{"rendered":"http:\/\/feuerwehr-ehrenbreitstein.de\/?p=283"},"modified":"2015-11-16T07:26:52","modified_gmt":"2015-11-16T07:26:52","slug":"einsatz-2015","status":"publish","type":"post","link":"http:\/\/feuerwehr-ehrenbreitstein.de\/?p=283","title":{"rendered":"Einsatz 20\/15"},"content":{"rendered":"<p>Datum 14.11.2015 Einsatz-Nr. 20<br \/>\nEinsatzmeldung: Geb\u00e4udebrand<br \/>\nAlamierung: 06:36<br \/>\nEinsatzort:\u00a0Kleinschmittsg\u00e4sschen (Altstadt)<br \/>\nEinsatzende: 08:20<br \/>\nAlamierte Kr\u00e4fte: Einheit Ehrenbreitstein, Einheit Arzheim<\/p>\n<p>&nbsp;<\/p>\n<p>&nbsp;<\/p>\n\n<p>&nbsp;<\/p>\n<p>&nbsp;<\/p>\n<p>Am fr\u00fchen Samstagmorgen sind wir zusammen mit der Einheit Arzheim zu einem Geb\u00e4udebrand in die Altstadt gerufen worden.<\/p>\n<p>&nbsp;<\/p>\n<p>Vor Ort stellte sich heraus das ein Gesch\u00e4ft in der Fu\u00dfg\u00e4ngerzone in Brand geraten ist. Die BF war bereits mit den L\u00f6scharbeiten zugange.<\/p>\n<p>&nbsp;<\/p>\n<p>Durch die starke Rauchentwicklung mussten 2 Wohnh\u00e4user, nahe der Einstzstelle, vorsorglich evakuiert werden. Wir \u00fcbernahmen die Evakuierungsma\u00dfnahmen und stellten einen Sicherungstrupp. Desweiteren bauten wir eine Wasserversorgung hinter dem Geb\u00e4ude auf um notfalls direkt agieren zu k\u00f6nnen, sollte sich der Brand ausgedehnt haben.<\/p>\n<p>&nbsp;<\/p>\n<p>Nachdem das Feuer gel\u00f6scht war wurde die Brandstelle der Polizei \u00fcbergeben und die Bewohner konnten wieder zur\u00fcck in Ihre Wohnungen.<\/p>\n<p>&nbsp;<\/p>\n<p>&nbsp;<\/p>\n<p>Bericht von Blick Aktuell:<\/p>\n<p>&nbsp;<\/p>\n<p>Koblenz. Seit 6:36 Uhr befindet sich die Feuerwehr Koblenz in einem Brandeinsatz in der Koblenzer Altstadt.\u00a0In einem kleinen Ladengesch\u00e4ft kam es zu einem Schwelbrand mit starker Rauchentwicklung im ganzen Geb\u00e4ude. Das Geb\u00e4ude\u00a0ist derzeit nicht bewohnt.\u00a0Das Feuer war bereits wenige Minuten nach Einsatzbeginn unter Kontrolle.\u00a0Aufgrund einer Rauchverschleppung laufen derzeit\u00a0aber\u00a0noch\u00a0umfangreiche\u00a0Entrauchungsarbeiten in einem Nachbargeb\u00e4ude.\u00a0Verletzt wurde niemand.\u00a0Im Einsatz: Berufsfeuerwehr Koblenz III. WA, Freiwillige Feuerwehreinheiten Ehrenbreitstein und Arzheim.\u00a0Zur Brandursache k\u00f6nnen keine Angaben gemacht\u00a0werden. Die Kriminalpolizei hat die Ermittlungen bereits aufgenommen.<\/p>\n<p>Pressemitteilung der Feuerwehr Koblenz<\/p>\n<p>&nbsp;<\/p>\n<p>Quelle: www.blick-aktuell.de<\/p>\n","protected":false},"excerpt":{"rendered":"<p>Datum 14.11.2015 Einsatz-Nr. 20 Einsatzmeldung: Geb\u00e4udebrand Alamierung: 06:36 Einsatzort:\u00a0Kleinschmittsg\u00e4sschen (Altstadt) Einsatzende: 08:20 Alamierte Kr\u00e4fte: Einheit Ehrenbreitstein, Einheit Arzheim &nbsp; &nbsp; &nbsp; &nbsp; Am fr\u00fchen Samstagmorgen sind wir zusammen mit der Einheit Arzheim zu einem Geb\u00e4udebrand in die Altstadt gerufen worden. &nbsp; Vor Ort stellte sich heraus das ein Gesch\u00e4ft in der Fu\u00dfg\u00e4ngerzone in Brand geraten [&hellip;]<\/p>\n","protected":false},"author":1,"featured_media":0,"comment_status":"closed","ping_status":"closed","sticky":false,"template":"","format":"standard","meta":{"spay_email":"","jetpack_publicize_message":"","jetpack_is_tweetstorm":false},"categories":[1],"tags":[],"jetpack_featured_media_url":"","jetpack_publicize_connections":[],"jetpack_sharing_enabled":true,"jetpack_shortlink":"https:\/\/wp.me\/p5j8kt-4z","jetpack_likes_enabled":true,"_links":{"self":[{"href":"http:\/\/feuerwehr-ehrenbreitstein.de\/index.php?rest_route=\/wp\/v2\/posts\/283"}],"collection":[{"href":"http:\/\/feuerwehr-ehrenbreitstein.de\/index.php?rest_route=\/wp\/v2\/posts"}],"about":[{"href":"http:\/\/feuerwehr-ehrenbreitstein.de\/index.php?rest_route=\/wp\/v2\/types\/post"}],"author":[{"embeddable":true,"href":"http:\/\/feuerwehr-ehrenbreitstein.de\/index.php?rest_route=\/wp\/v2\/users\/1"}],"replies":[{"embeddable":true,"href":"http:\/\/feuerwehr-ehrenbreitstein.de\/index.php?rest_route=%2Fwp%2Fv2%2Fcomments&post=283"}],"version-history":[{"count":1,"href":"http:\/\/feuerwehr-ehrenbreitstein.de\/index.php?rest_route=\/wp\/v2\/posts\/283\/revisions"}],"predecessor-version":[{"id":285,"href":"http:\/\/feuerwehr-ehrenbreitstein.de\/index.php?rest_route=\/wp\/v2\/posts\/283\/revisions\/285"}],"wp:attachment":[{"href":"http:\/\/feuerwehr-ehrenbreitstein.de\/index.php?rest_route=%2Fwp%2Fv2%2Fmedia&parent=283"}],"wp:term":[{"taxonomy":"category","embeddable":true,"href":"http:\/\/feuerwehr-ehrenbreitstein.de\/index.php?rest_route=%2Fwp%2Fv2%2Fcategories&post=283"},{"taxonomy":"post_tag","embeddable":true,"href":"http:\/\/feuerwehr-ehrenbreitstein.de\/index.php?rest_route=%2Fwp%2Fv2%2Ftags&post=283"}],"curies":[{"name":"wp","href":"https:\/\/api.w.org\/{rel}","templated":true}]}}