{"id":254,"date":"2015-09-27T09:30:11","date_gmt":"2015-09-27T09:30:11","guid":{"rendered":"http:\/\/feuerwehr-ehrenbreitstein.de\/?p=254"},"modified":"2015-09-27T09:30:11","modified_gmt":"2015-09-27T09:30:11","slug":"einsatz-1315","status":"publish","type":"post","link":"http:\/\/feuerwehr-ehrenbreitstein.de\/?p=254","title":{"rendered":"Einsatz 13\/15"},"content":{"rendered":"<p>Datum 15.09.2015 Einsatz-Nr. 13<br \/>\nEinsatzmeldung: Versorgung von Fluchtlingen<br \/>\nAlamierung: 20:25<br \/>\nEinsatzort: Hauptbahnhof (Mitte)<br \/>\nEinsatzende: 23:20<\/p>\n<p>&nbsp;<\/p>\n\n<p>&nbsp;<\/p>\n<p>Am fr\u00fchen Abend wurden wir zusammen mit der Einheit Arzheim zur Versorgung von Fl\u00fcchtlingen, welche mit einem Zug auf der Durchreise waren, alarmiert.<\/p>\n<p>&nbsp;<\/p>\n<p>Am Hauptbahnhof warteten wir auf den angek\u00fcndigten Zug, um diesen mit Getr\u00e4nken und Lebensmitteln zu versorgen.<\/p>\n<p>&nbsp;<\/p>\n<p>&nbsp;<\/p>\n<p>&nbsp;<\/p>\n","protected":false},"excerpt":{"rendered":"<p>Datum 15.09.2015 Einsatz-Nr. 13 Einsatzmeldung: Versorgung von Fluchtlingen Alamierung: 20:25 Einsatzort: Hauptbahnhof (Mitte) Einsatzende: 23:20 &nbsp; &nbsp; Am fr\u00fchen Abend wurden wir zusammen mit der Einheit Arzheim zur Versorgung von Fl\u00fcchtlingen, welche mit einem Zug auf der Durchreise waren, alarmiert. &nbsp; Am Hauptbahnhof warteten wir auf den angek\u00fcndigten Zug, um diesen mit Getr\u00e4nken und Lebensmitteln [&hellip;]<\/p>\n","protected":false},"author":1,"featured_media":0,"comment_status":"closed","ping_status":"closed","sticky":false,"template":"","format":"standard","meta":{"spay_email":"","jetpack_publicize_message":"","jetpack_is_tweetstorm":false},"categories":[1],"tags":[],"jetpack_featured_media_url":"","jetpack_publicize_connections":[],"jetpack_sharing_enabled":true,"jetpack_shortlink":"https:\/\/wp.me\/p5j8kt-46","jetpack_likes_enabled":true,"_links":{"self":[{"href":"http:\/\/feuerwehr-ehrenbreitstein.de\/index.php?rest_route=\/wp\/v2\/posts\/254"}],"collection":[{"href":"http:\/\/feuerwehr-ehrenbreitstein.de\/index.php?rest_route=\/wp\/v2\/posts"}],"about":[{"href":"http:\/\/feuerwehr-ehrenbreitstein.de\/index.php?rest_route=\/wp\/v2\/types\/post"}],"author":[{"embeddable":true,"href":"http:\/\/feuerwehr-ehrenbreitstein.de\/index.php?rest_route=\/wp\/v2\/users\/1"}],"replies":[{"embeddable":true,"href":"http:\/\/feuerwehr-ehrenbreitstein.de\/index.php?rest_route=%2Fwp%2Fv2%2Fcomments&post=254"}],"version-history":[{"count":1,"href":"http:\/\/feuerwehr-ehrenbreitstein.de\/index.php?rest_route=\/wp\/v2\/posts\/254\/revisions"}],"predecessor-version":[{"id":255,"href":"http:\/\/feuerwehr-ehrenbreitstein.de\/index.php?rest_route=\/wp\/v2\/posts\/254\/revisions\/255"}],"wp:attachment":[{"href":"http:\/\/feuerwehr-ehrenbreitstein.de\/index.php?rest_route=%2Fwp%2Fv2%2Fmedia&parent=254"}],"wp:term":[{"taxonomy":"category","embeddable":true,"href":"http:\/\/feuerwehr-ehrenbreitstein.de\/index.php?rest_route=%2Fwp%2Fv2%2Fcategories&post=254"},{"taxonomy":"post_tag","embeddable":true,"href":"http:\/\/feuerwehr-ehrenbreitstein.de\/index.php?rest_route=%2Fwp%2Fv2%2Ftags&post=254"}],"curies":[{"name":"wp","href":"https:\/\/api.w.org\/{rel}","templated":true}]}}