{"id":210,"date":"2015-05-12T07:27:27","date_gmt":"2015-05-12T07:27:27","guid":{"rendered":"http:\/\/feuerwehr-ehrenbreitstein.de\/?p=210"},"modified":"2015-05-12T07:30:08","modified_gmt":"2015-05-12T07:30:08","slug":"einsatz-0515","status":"publish","type":"post","link":"http:\/\/feuerwehr-ehrenbreitstein.de\/?p=210","title":{"rendered":"Einsatz 05\/15"},"content":{"rendered":"<table width=\"261\">\n<tbody>\n<tr>\n<td width=\"56\">Datum<\/td>\n<td width=\"104\">12.05.15<\/td>\n<td width=\"85\">Einsatz-Nr.<\/td>\n<td width=\"76\">5<\/td>\n<\/tr>\n<\/tbody>\n<\/table>\n<table>\n<tbody>\n<tr>\n<td width=\"128\">Einsatzmeldung:<\/td>\n<td width=\"456\">Brand Nebengeb\u00e4ude<\/td>\n<\/tr>\n<tr>\n<td width=\"128\">Alamierung:<\/td>\n<td width=\"456\">\u00a000:18<\/td>\n<\/tr>\n<tr>\n<td width=\"128\">Einsatzort:<\/td>\n<td width=\"456\">Braugasse (Altstadt)<\/td>\n<\/tr>\n<tr>\n<td width=\"128\">Einsatzende:<\/td>\n<td width=\"456\">00:30<\/td>\n<\/tr>\n<tr>\n<td width=\"128\">Alamierte Kr\u00e4fte:<\/td>\n<td width=\"456\">BF, Einheit Ehrenbreitstein, Einheit Arzheim<\/td>\n<\/tr>\n<\/tbody>\n<\/table>\n<p>&nbsp;<\/p>\n<p>&nbsp;<\/p>\n\n<p>&nbsp;<\/p>\n<p>&#8220;Brand Nebengeb\u00e4ude&#8221;, unter diesem Einsatzstichwort sind wir in der Nacht auf Dienstag alarmiert worden. Noch bevor wir zur Einsatzstelle ausr\u00fccken konnten, konnte Entwarnung gegeben werden.<\/p>\n<p>An einem Bauger\u00fcst, ist aus ungekl\u00e4rter Ursache, eine Abdeckplane in Brand geraten. Schon vor dem eintreffen der Berufsfeuerwehr\u00a0konnte diese durch aufmerksame Anwohner gel\u00f6scht werden, womit dann auch kein Einsatz der Einheiten Arzheim und Ehrenbreitstein mehr erforderlich war.<\/p>\n<p>Die Kr\u00e4fte der Berufsfeuerwehr f\u00fchrten noch eine Nachkontrolle durch und verlegte dann wieder zur\u00fcck zur Wache.<\/p>\n<p>&nbsp;<\/p>\n","protected":false},"excerpt":{"rendered":"<p>Datum 12.05.15 Einsatz-Nr. 5 Einsatzmeldung: Brand Nebengeb\u00e4ude Alamierung: \u00a000:18 Einsatzort: Braugasse (Altstadt) Einsatzende: 00:30 Alamierte Kr\u00e4fte: BF, Einheit Ehrenbreitstein, Einheit Arzheim &nbsp; &nbsp; &nbsp; &#8220;Brand Nebengeb\u00e4ude&#8221;, unter diesem Einsatzstichwort sind wir in der Nacht auf Dienstag alarmiert worden. Noch bevor wir zur Einsatzstelle ausr\u00fccken konnten, konnte Entwarnung gegeben werden. An einem Bauger\u00fcst, ist aus ungekl\u00e4rter [&hellip;]<\/p>\n","protected":false},"author":1,"featured_media":0,"comment_status":"closed","ping_status":"closed","sticky":false,"template":"","format":"standard","meta":{"spay_email":"","jetpack_publicize_message":"","jetpack_is_tweetstorm":false},"categories":[1],"tags":[],"jetpack_featured_media_url":"","jetpack_publicize_connections":[],"jetpack_sharing_enabled":true,"jetpack_shortlink":"https:\/\/wp.me\/p5j8kt-3o","jetpack_likes_enabled":true,"_links":{"self":[{"href":"http:\/\/feuerwehr-ehrenbreitstein.de\/index.php?rest_route=\/wp\/v2\/posts\/210"}],"collection":[{"href":"http:\/\/feuerwehr-ehrenbreitstein.de\/index.php?rest_route=\/wp\/v2\/posts"}],"about":[{"href":"http:\/\/feuerwehr-ehrenbreitstein.de\/index.php?rest_route=\/wp\/v2\/types\/post"}],"author":[{"embeddable":true,"href":"http:\/\/feuerwehr-ehrenbreitstein.de\/index.php?rest_route=\/wp\/v2\/users\/1"}],"replies":[{"embeddable":true,"href":"http:\/\/feuerwehr-ehrenbreitstein.de\/index.php?rest_route=%2Fwp%2Fv2%2Fcomments&post=210"}],"version-history":[{"count":3,"href":"http:\/\/feuerwehr-ehrenbreitstein.de\/index.php?rest_route=\/wp\/v2\/posts\/210\/revisions"}],"predecessor-version":[{"id":214,"href":"http:\/\/feuerwehr-ehrenbreitstein.de\/index.php?rest_route=\/wp\/v2\/posts\/210\/revisions\/214"}],"wp:attachment":[{"href":"http:\/\/feuerwehr-ehrenbreitstein.de\/index.php?rest_route=%2Fwp%2Fv2%2Fmedia&parent=210"}],"wp:term":[{"taxonomy":"category","embeddable":true,"href":"http:\/\/feuerwehr-ehrenbreitstein.de\/index.php?rest_route=%2Fwp%2Fv2%2Fcategories&post=210"},{"taxonomy":"post_tag","embeddable":true,"href":"http:\/\/feuerwehr-ehrenbreitstein.de\/index.php?rest_route=%2Fwp%2Fv2%2Ftags&post=210"}],"curies":[{"name":"wp","href":"https:\/\/api.w.org\/{rel}","templated":true}]}}