{"id":184,"date":"2015-04-26T16:26:45","date_gmt":"2015-04-26T16:26:45","guid":{"rendered":"http:\/\/feuerwehr-ehrenbreitstein.de\/?p=184"},"modified":"2015-04-27T07:43:25","modified_gmt":"2015-04-27T07:43:25","slug":"einsatz-0315","status":"publish","type":"post","link":"http:\/\/feuerwehr-ehrenbreitstein.de\/?p=184","title":{"rendered":"Einsatz 03\/15"},"content":{"rendered":"<table width=\"261\">\n<tbody>\n<tr>\n<td width=\"56\">Datum<\/td>\n<td width=\"104\">26.04.15<\/td>\n<td width=\"85\">Einsatz-Nr.<\/td>\n<td width=\"76\">3<\/td>\n<\/tr>\n<\/tbody>\n<\/table>\n<table>\n<tbody>\n<tr>\n<td width=\"128\">Einsatzmeldung:<\/td>\n<td width=\"456\">Qualmender Kanalschacht<\/td>\n<\/tr>\n<tr>\n<td width=\"128\">Alamierung:<\/td>\n<td width=\"456\">&nbsp;16:15<\/td>\n<\/tr>\n<tr>\n<td width=\"128\">Einsatzort:<\/td>\n<td width=\"456\">Busparkplatz Deutsches Eck<\/td>\n<\/tr>\n<tr>\n<td width=\"128\">Einsatzende:<\/td>\n<td width=\"456\">16:35<\/td>\n<\/tr>\n<tr>\n<td width=\"128\">Alamierte Kr\u00e4fte:<\/td>\n<td width=\"456\">Einheit Ehrenbreitstein<\/td>\n<\/tr>\n<\/tbody>\n<\/table>\n<p>&nbsp;<\/p>\n<p>&nbsp;<\/p>\n\n<p>&nbsp;<\/p>\n<p>Kurz vor dem Ausr\u00fccken zum Wohnungsbrand erreichte uns ein Folgeeinsatz,&nbsp;welchen die&nbsp;Kr\u00e4fte der Berufsfeuerwehr aufgrund&nbsp;des laufenden Einsatzes nicht \u00fcbernehmen konnte.&nbsp;In Absprache mit der Einsatzleitung der Berufsfeuerwehr und der Leitstelle Koblenz \u00fcbernahmen wir den Einsatz.<\/p>\n<p>Auf&nbsp;der Fr\u00fchjahrsmesse&nbsp;am Deutschen Eck (Busparkplatz)&nbsp;ist Unrat eines Kanalschachtes, <span style=\"line-height: normal; -webkit-text-size-adjust: auto; background-color: rgba(255, 255, 255, 0);\">vermutlich durch eine weg geworfene Zigarette, ins Qualmen<\/span>&nbsp;geraten. Messebesucher haben daraufhin die Feuerwehr verst\u00e4ndigt. Nach dem Eintreffen wurde der Kanalschacht mit reichlich Wasser abgel\u00f6scht.<\/p>\n","protected":false},"excerpt":{"rendered":"<p>Datum 26.04.15 Einsatz-Nr. 3 Einsatzmeldung: Qualmender Kanalschacht Alamierung: &nbsp;16:15 Einsatzort: Busparkplatz Deutsches Eck Einsatzende: 16:35 Alamierte Kr\u00e4fte: Einheit Ehrenbreitstein &nbsp; &nbsp; &nbsp; Kurz vor dem Ausr\u00fccken zum Wohnungsbrand erreichte uns ein Folgeeinsatz,&nbsp;welchen die&nbsp;Kr\u00e4fte der Berufsfeuerwehr aufgrund&nbsp;des laufenden Einsatzes nicht \u00fcbernehmen konnte.&nbsp;In Absprache mit der Einsatzleitung der Berufsfeuerwehr und der Leitstelle Koblenz \u00fcbernahmen wir den Einsatz. [&hellip;]<\/p>\n","protected":false},"author":1,"featured_media":0,"comment_status":"closed","ping_status":"closed","sticky":false,"template":"","format":"standard","meta":{"spay_email":"","jetpack_publicize_message":"","jetpack_is_tweetstorm":false},"categories":[1],"tags":[],"jetpack_featured_media_url":"","jetpack_publicize_connections":[],"jetpack_sharing_enabled":false,"jetpack_shortlink":"https:\/\/wp.me\/p5j8kt-2Y","jetpack_likes_enabled":true,"_links":{"self":[{"href":"http:\/\/feuerwehr-ehrenbreitstein.de\/index.php?rest_route=\/wp\/v2\/posts\/184"}],"collection":[{"href":"http:\/\/feuerwehr-ehrenbreitstein.de\/index.php?rest_route=\/wp\/v2\/posts"}],"about":[{"href":"http:\/\/feuerwehr-ehrenbreitstein.de\/index.php?rest_route=\/wp\/v2\/types\/post"}],"author":[{"embeddable":true,"href":"http:\/\/feuerwehr-ehrenbreitstein.de\/index.php?rest_route=\/wp\/v2\/users\/1"}],"replies":[{"embeddable":true,"href":"http:\/\/feuerwehr-ehrenbreitstein.de\/index.php?rest_route=%2Fwp%2Fv2%2Fcomments&post=184"}],"version-history":[{"count":8,"href":"http:\/\/feuerwehr-ehrenbreitstein.de\/index.php?rest_route=\/wp\/v2\/posts\/184\/revisions"}],"predecessor-version":[{"id":198,"href":"http:\/\/feuerwehr-ehrenbreitstein.de\/index.php?rest_route=\/wp\/v2\/posts\/184\/revisions\/198"}],"wp:attachment":[{"href":"http:\/\/feuerwehr-ehrenbreitstein.de\/index.php?rest_route=%2Fwp%2Fv2%2Fmedia&parent=184"}],"wp:term":[{"taxonomy":"category","embeddable":true,"href":"http:\/\/feuerwehr-ehrenbreitstein.de\/index.php?rest_route=%2Fwp%2Fv2%2Fcategories&post=184"},{"taxonomy":"post_tag","embeddable":true,"href":"http:\/\/feuerwehr-ehrenbreitstein.de\/index.php?rest_route=%2Fwp%2Fv2%2Ftags&post=184"}],"curies":[{"name":"wp","href":"https:\/\/api.w.org\/{rel}","templated":true}]}}